{"id":1977,"date":"2018-02-21T10:06:51","date_gmt":"2018-02-21T09:06:51","guid":{"rendered":"http:\/\/www.siloefilmfestival.it\/?p=1977"},"modified":"2018-06-18T10:37:06","modified_gmt":"2018-06-18T08:37:06","slug":"2018","status":"publish","type":"post","link":"http:\/\/www.siloefilmfestival.it\/?p=1977","title":{"rendered":"SPERARE nell\u2019INNOMINABILE ATTUALE*"},"content":{"rendered":"<p><strong>Ma \u00e8 ancora possibile sperare?<br \/>\n<\/strong><br \/>\n<em>Ancora, cos\u00ec sembra, non \u00e8 tempo che a tutti gli uomini possa accadere come a quei pastori che\u00a0videro rischiarato il cielo sopra di s\u00e9 e udirono quella parola: &#8216;Pace in terra e agli uomini un\u00a0prender piacere gli uni agli altri&#8217;. Questo \u00e8 ancora il tempo degli individui.<\/em><br \/>\n(F. Nietzsche, <em>Umano, troppo umano<\/em>).<\/p>\n<p>La speranza ci mostra il mondo in movimento, in evoluzione. Non \u00e8 semplicemente un premio di\u00a0consolazione per le disgrazie della vita, piuttosto \u00e8 uno sforzo per vedere come le cose divengono,\u00a0come si modificano. Kant parlava della candida colomba della ragione che pensa all&#8217;aria come\u00a0ostacolo e invece \u00e8 colei che sostiene il volo. Si potrebbe dire che la speranza \u00e8 l&#8217;aria che sostiene la\u00a0ragione, senza la speranza la ragione non potrebbe volare e senza la ragione la speranza sarebbe\u00a0cieca.<\/p>\n<p>La speranza non riguarda tanto il futuro quanto il presente; ogni istante pu\u00f2 diventare significativo,\u00a0dobbiamo imparare a vivere ogni momento come se fosse eterno: <em>Cogli l&#8217;eternit\u00e0 nell&#8217;istante<\/em>. (E.\u00a0Block, <em>Il principio speranza<\/em>). Per eternit\u00e0 si intende la pienezza dell&#8217;esistere, riguarda quei momenti\u00a0d&#8217;essere in cui sembra di scoprire il senso delle cose. <em>Alla base del faro non c&#8217;\u00e8 luce<\/em>; non dobbiamo\u00a0proiettarci nel futuro, ma illuminare, attraverso la conoscenza della speranza, quello che \u00e8 al centro\u00a0del nostro essere, dobbiamo illuminare ogni attimo della nostra esistenza.<\/p>\n<p>E questo pu\u00f2 accadere con il solo uso della ragione?<\/p>\n<p>Non \u00e8 il gusto illuministico di rendere tutto chiaro e trasparente. Il nucleo di oscurit\u00e0 che \u00e8 interno a\u00a0noi stessi non si potr\u00e0 mai dissipare se ci limitiamo ad un\u2019indagine del misurabile; nello stesso\u00a0tempo per\u00f2 non dobbiamo cadere nel ricatto dell&#8217;oscuro, dell&#8217;enigma per l&#8217;enigma. Si cerca di\u00a0passare dall&#8217;oscuro al chiaro senza cancellare gli elementi di oscurit\u00e0. Dovremmo ridurre queste\u00a0intermittenze dell&#8217;intelletto e del cuore, questa opacit\u00e0 a noi stessi, e moltiplicare questi attimi\u00a0eterni.<\/p>\n<p><strong>Tendono alla chiarit\u00e0 le cose oscure<br \/>\n<\/strong><br \/>\nPortami il girasole ch\u2019io lo trapianti<br \/>\nnel mio terreno bruciato dal salino,<br \/>\ne mostri tutto il giorno agli azzurri specchianti<br \/>\ndel cielo l\u2019ansiet\u00e0 del suo volto giallino.<\/p>\n<p>Tendono alla chiarit\u00e0 le cose oscure,<br \/>\nsi esauriscono i corpi in un fluire<br \/>\ndi tinte: queste in musiche. Svanire<br \/>\n\u00e8 dunque la ventura delle venture.<\/p>\n<p>Portami tu la pianta che conduce<br \/>\ndove sorgono bionde trasparenze<br \/>\ne vapora la vita quale essenza;<br \/>\nportami il girasole impazzito di luce.<\/p>\n<p>(<em>Eugenio Montale, dalla raccolta Ossi di seppia<\/em>)<\/p>\n<p><strong>TEMA<\/strong><br \/>\nDentro il nostro tempo dove la sensazione pi\u00f9 precisa e pi\u00f9 acuta \u00e8 quella di non sapere dove ogni\u00a0giorno stiamo mettendo i piedi. Il terreno \u00e8 friabile, le linee si sdoppiano, i tessuti si sfilacciano, le\u00a0prospettive oscillano. Dove ci\u00f2 che prevale \u00e8 l\u2019inconsistenza, una inconsistenza assassina, \u00e8 ancora\u00a0possibile SPERARE?<\/p>\n<p>Questa la domanda che il SiloeFilmFestival 2018 si pone e che i film in concorso aiuteranno ad\u00a0affrontare.<\/p>\n<p>&nbsp;<\/p>\n<p>*Roberto Calasso, <em>L&#8217;innominabile attuale<\/em>, Adelphi Editore<\/p>\n","protected":false},"excerpt":{"rendered":"<p>Ma \u00e8 ancora possibile sperare? Ancora, cos\u00ec sembra, non \u00e8 tempo che a tutti gli uomini possa accadere come a quei pastori che\u00a0videro rischiarato il cielo sopra di s\u00e9 e udirono quella parola: &#8216;Pace in terra e agli uomini un\u00a0prender &hellip; <a class=\"more-link\" href=\"http:\/\/www.siloefilmfestival.it\/?p=1977\">Continua a leggere<span class=\"meta-nav\">&rarr;<\/span><\/a><\/p>\n","protected":false},"author":1,"featured_media":0,"comment_status":"closed","ping_status":"open","sticky":false,"template":"","format":"standard","meta":{"footnotes":""},"categories":[15],"tags":[],"class_list":["post-1977","post","type-post","status-publish","format-standard","hentry","category-news2018"],"_links":{"self":[{"href":"http:\/\/www.siloefilmfestival.it\/index.php?rest_route=\/wp\/v2\/posts\/1977","targetHints":{"allow":["GET"]}}],"collection":[{"href":"http:\/\/www.siloefilmfestival.it\/index.php?rest_route=\/wp\/v2\/posts"}],"about":[{"href":"http:\/\/www.siloefilmfestival.it\/index.php?rest_route=\/wp\/v2\/types\/post"}],"author":[{"embeddable":true,"href":"http:\/\/www.siloefilmfestival.it\/index.php?rest_route=\/wp\/v2\/users\/1"}],"replies":[{"embeddable":true,"href":"http:\/\/www.siloefilmfestival.it\/index.php?rest_route=%2Fwp%2Fv2%2Fcomments&post=1977"}],"version-history":[{"count":6,"href":"http:\/\/www.siloefilmfestival.it\/index.php?rest_route=\/wp\/v2\/posts\/1977\/revisions"}],"predecessor-version":[{"id":2013,"href":"http:\/\/www.siloefilmfestival.it\/index.php?rest_route=\/wp\/v2\/posts\/1977\/revisions\/2013"}],"wp:attachment":[{"href":"http:\/\/www.siloefilmfestival.it\/index.php?rest_route=%2Fwp%2Fv2%2Fmedia&parent=1977"}],"wp:term":[{"taxonomy":"category","embeddable":true,"href":"http:\/\/www.siloefilmfestival.it\/index.php?rest_route=%2Fwp%2Fv2%2Fcategories&post=1977"},{"taxonomy":"post_tag","embeddable":true,"href":"http:\/\/www.siloefilmfestival.it\/index.php?rest_route=%2Fwp%2Fv2%2Ftags&post=1977"}],"curies":[{"name":"wp","href":"https:\/\/api.w.org\/{rel}","templated":true}]}}